
{"id":4564,"date":"2021-11-04T11:47:38","date_gmt":"2021-11-04T11:47:38","guid":{"rendered":"http:\/\/www.novasolmallorca.es\/?p=4564"},"modified":"2021-11-04T11:56:42","modified_gmt":"2021-11-04T11:56:42","slug":"new-government-aid-approved-for-self-consumption","status":"publish","type":"post","link":"https:\/\/www.novasolmallorca.es\/en\/new-government-aid-approved-for-self-consumption\/","title":{"rendered":"New government aid approved for self-consumption"},"content":{"rendered":"\t\t<div data-elementor-type=\"wp-post\" data-elementor-id=\"4564\" class=\"elementor elementor-4564\">\r\n\t\t\t\t\t\t<section class=\"elementor-section elementor-top-section elementor-element elementor-element-6186a59 elementor-section-boxed elementor-section-height-default elementor-section-height-default false\" data-id=\"6186a59\" data-element_type=\"section\">\r\n\t\t\t\t\t\t<div class=\"elementor-container elementor-column-gap-default\">\r\n\t\t\t\t\t<div class=\"elementor-column elementor-col-100 elementor-top-column elementor-element elementor-element-2b1829e\" data-id=\"2b1829e\" data-element_type=\"column\">\r\n\t\t\t<div class=\"elementor-widget-wrap elementor-element-populated\">\r\n\t\t\t\t\r\n\t\t<div class=\"elementor-element elementor-element-363fb0f false elementor-widget elementor-widget-heading\" data-id=\"363fb0f\" data-element_type=\"widget\" data-widget_type=\"heading.default\">\r\n\t\t\t\t<div class=\"elementor-widget-container\">\r\n\t\t\t<style>\/*! elementor - v3.21.0 - 22-05-2024 *\/\n.elementor-heading-title{padding:0;margin:0;line-height:1}.elementor-widget-heading .elementor-heading-title[class*=elementor-size-]>a{color:inherit;font-size:inherit;line-height:inherit}.elementor-widget-heading .elementor-heading-title.elementor-size-small{font-size:15px}.elementor-widget-heading .elementor-heading-title.elementor-size-medium{font-size:19px}.elementor-widget-heading .elementor-heading-title.elementor-size-large{font-size:29px}.elementor-widget-heading .elementor-heading-title.elementor-size-xl{font-size:39px}.elementor-widget-heading .elementor-heading-title.elementor-size-xxl{font-size:59px}<\/style><h2 class=\"elementor-heading-title elementor-size-default\">New government aid approved for self-consumption<\/h2>\t\t<\/div>\r\n\t\t\t\t<\/div>\r\n\t\t\t\t<div class=\"elementor-element elementor-element-53fe6a9 elementor-widget elementor-widget-text-editor\" data-id=\"53fe6a9\" data-element_type=\"widget\" data-widget_type=\"text-editor.default\">\r\n\t\t\t\t<div class=\"elementor-widget-container\">\r\n\t\t\t<style>\/*! elementor - v3.21.0 - 22-05-2024 *\/\n.elementor-widget-text-editor.elementor-drop-cap-view-stacked .elementor-drop-cap{background-color:#69727d;color:#fff}.elementor-widget-text-editor.elementor-drop-cap-view-framed .elementor-drop-cap{color:#69727d;border:3px solid;background-color:transparent}.elementor-widget-text-editor:not(.elementor-drop-cap-view-default) .elementor-drop-cap{margin-top:8px}.elementor-widget-text-editor:not(.elementor-drop-cap-view-default) .elementor-drop-cap-letter{width:1em;height:1em}.elementor-widget-text-editor .elementor-drop-cap{float:left;text-align:center;line-height:1;font-size:50px}.elementor-widget-text-editor .elementor-drop-cap-letter{display:inline-block}<\/style>\t\t\t\t<p>En este pasado 29 de junio de 2021, se aprob\u00f3 unas ayudas por parte del Gobierno para fomentar la instalaci\u00f3n de placas solares en el territorio nacional. Aparte de ello, existen much\u00edsimas subvenciones por parte de los ayuntamientos municipales para fomentar el autoconsumo. Hoy, desde Novasol Mallorca, os hablamos sobre <a href=\"https:\/\/www.miteco.gob.es\/es\/prensa\/ultimas-noticias\/el-gobierno-aprueba-1.320-millones-de-euros-para-autoconsumo-bater%C3%ADas-y-climatizaci%C3%B3n-renovable\/tcm:30-528649\">las nuevas ayudas del gobierno aprobadas para el autoconsumo.<\/a><\/p>\n<p><strong>\u00bfEN QU\u00c9 CONSISTEN LAS AYUDAS?<\/strong><\/p>\n<p>El Gobierno confirm\u00f3 que destinar\u00edan una suma inicial de 660 millones de euros, ampliable hasta 1.320 millones, al autoconsumo, bater\u00edas solares y climatizaci\u00f3n renovable. Vi\u00e9ndose repartida de la siguiente manera:<\/p>\n<ul>\n<li>Autoconsumo: 900 millones de euros.<\/li>\n<li>Almacenamiento detr\u00e1s del contador: 220 millones de euros.<\/li>\n<li>Climatizaci\u00f3n y agua caliente con renovables: 200 millones de euros.<\/li>\n<\/ul>\n<p>\u00a0<\/p>\n<p>Estas ayudas se otorgar\u00e1n en el orden de presentaci\u00f3n de la solicitud hasta que se agoten, por lo que, cabe destacar que cu\u00e1nto m\u00e1s r\u00e1pido se instale, mayores posibilidades habr\u00e1 de obtenerla. Esta gran inversi\u00f3n refuerza a\u00fan m\u00e1s la rentabilidad de estos sistemas.<\/p>\n<p><strong>LOS PROGRAMAS DE LAS AYUDAS<\/strong><\/p>\n<p>Dentro de las categor\u00edas vistas anteriormente, encontramos 6 programas que explican m\u00e1s en detalle sus objetivos, distribuci\u00f3n y qui\u00e9n puede solicitarlas. Los 3 primeros est\u00e1n dirigidos a sectores econ\u00f3micos concretos y los 3 \u00faltimos a viviendas.<\/p>\n<ul>\n<li><strong>Programa 1<\/strong>Autoconsumo y almacenamiento en el sector servicios. Se destinar\u00e1n 120 millones de los cuales 20 millones ser\u00e1n para almacenamiento.<\/li>\n<li><strong>Programa 2<\/strong>Autoconsumo y almacenamiento en otros sectores productivos, como la industria o el agropecuario. 175 millones (25 millones para almacenamiento).<\/li>\n<li><strong>Programa 3<\/strong>Incorporaci\u00f3n de almacenamiento en autoconsumos existentes en sectores econ\u00f3micos. Ser\u00e1 repartido 45 millones entre las Comunidades Aut\u00f3nomas y las ciudades de Ceuta y Melilla.<\/li>\n<li><strong>Programa 4<\/strong>Autoconsumo y almacenamiento en el sector residencial, el sector p\u00fablico y el tercer sector. 215 millones (15 millones para almacenamiento).<\/li>\n<li><strong>Programa 5<\/strong>Incorporaci\u00f3n de almacenamiento en autoconsumos del sector residencial, sector p\u00fablico y tercer sector. 5 millones presupuestados.<\/li>\n<li><strong>Programa 6<\/strong>Climatizaci\u00f3n y agua caliente sanitaria obtenida con renovables en el sector residencial, incluida la vivienda p\u00fablica protegida. Contar\u00e1 con 100 millones.<\/li>\n<\/ul>\n<p>\u00a0<\/p>\n<p>El Ministerio para la transici\u00f3n ecol\u00f3gica y el reto demogr\u00e1fico afirma: <em>\u201cEs importante se\u00f1alar que el reparto del presupuesto entre las Comunidades Aut\u00f3nomas y las ciudades de Ceuta y Melilla es \u00fanicamente para la dotaci\u00f3n inicial del programa. Para futuras ampliaciones de cr\u00e9dito, se tendr\u00e1 en cuenta la ejecuci\u00f3n del presupuesto y la demanda existente en cada territorio.\u201d<\/em><\/p>\t\t\t\t\t\t<\/div>\r\n\t\t\t\t<\/div>\r\n\t\t\t\t<div class=\"elementor-element elementor-element-f587e52 none none false false none-data-animation false elementor-widget elementor-widget-image\" data-id=\"f587e52\" data-element_type=\"widget\" data-widget_type=\"image.default\">\r\n\t\t\t\t<div class=\"elementor-widget-container\">\r\n\t\t\t<style>\/*! elementor - v3.21.0 - 22-05-2024 *\/\n.elementor-widget-image{text-align:center}.elementor-widget-image a{display:inline-block}.elementor-widget-image a img[src$=\".svg\"]{width:48px}.elementor-widget-image img{vertical-align:middle;display:inline-block}<\/style>\t\t\t\t\t\t\t\t\t\t<img fetchpriority=\"high\" decoding=\"async\" width=\"640\" height=\"428\" src=\"https:\/\/www.novasolmallorca.es\/wp-content\/uploads\/2021\/10\/ayudas-autoconsumo-1024x684.jpg\" class=\"attachment-large size-large wp-image-4377\" alt=\"instalaci\u00f3n de placas solares tornillo\" srcset=\"https:\/\/www.novasolmallorca.es\/wp-content\/uploads\/2021\/10\/ayudas-autoconsumo-1024x684.jpg 1024w, https:\/\/www.novasolmallorca.es\/wp-content\/uploads\/2021\/10\/ayudas-autoconsumo-300x200.jpg 300w, https:\/\/www.novasolmallorca.es\/wp-content\/uploads\/2021\/10\/ayudas-autoconsumo-768x513.jpg 768w, https:\/\/www.novasolmallorca.es\/wp-content\/uploads\/2021\/10\/ayudas-autoconsumo.jpg 1299w\" sizes=\"(max-width: 640px) 100vw, 640px\" \/>\t\t\t\t\t\t\t\t\t\t\t\t\t<\/div>\r\n\t\t\t\t<\/div>\r\n\t\t\t\t<div class=\"elementor-element elementor-element-8d99a3f elementor-widget elementor-widget-text-editor\" data-id=\"8d99a3f\" data-element_type=\"widget\" data-widget_type=\"text-editor.default\">\r\n\t\t\t\t<div class=\"elementor-widget-container\">\r\n\t\t\t\t\t\t\t<p><strong>LOS REQUISITOS PARA SOLICITARLA EN EL SECTOR RESIDENCIAL<\/strong><\/p><p>Es imprescindible contar con los siguientes requisitos:<\/p><ul><li>Que la factura de la instalaci\u00f3n tenga fecha superior al 30 de junio de 2021 con el objetivo de premiar a las nuevas instalaciones.<\/li><li>Poder medir la producci\u00f3n y el consumo.<\/li><li>El sistema podr\u00e1 superar un 25% el consumo anual, como m\u00e1ximo.<\/li><li>Las bater\u00edas podr\u00e1n tener como m\u00e1ximo el doble de capacidad de potencia que el inversor solar.<\/li><\/ul><p>\u00a0<\/p><p>\u00bfCuentas con todas ellas? \u00a1Solic\u00edtala!<\/p><p>Pero\u2026 si no es as\u00ed, otras de las bonificaciones a las que puedes optar son las bonificaciones del IBI, bonificaciones del ICIO, deducciones de IRPF y ayudas auton\u00f3micas puntuales.<\/p><p>En <a href=\"https:\/\/www.novasolmallorca.es\/#Novasol\">Novasol Mallorca<\/a> somos una empresa de \u00e1mbito nacional con sede en Mallorca. Contamos con m\u00e1s de 4200 instalaciones de equipos solares en Baleares. Somos fabricantes y distribuimos a los 5 continentes, nuestros equipos disponen de sello de la CE.\u00a0\u00a1<a href=\"mailto:info@novasol.es\">Cont\u00e1ctanos<\/a>!<\/p>\t\t\t\t\t\t<\/div>\r\n\t\t\t\t<\/div>\r\n\t\t\t\t\t<\/div>\r\n\t\t<\/div>\r\n\t\t\t\t\t<\/div>\r\n\t\t<\/section>\r\n\t\t\t\t<\/div>\r\n\t\t","protected":false},"excerpt":{"rendered":"<p>New government aid approved for self-consumption En este pasado 29 de junio de 2021, se aprob\u00f3 unas ayudas por parte del Gobierno para fomentar la instalaci\u00f3n de placas solares en el territorio nacional. Aparte de ello, existen much\u00edsimas subvenciones por parte de los ayuntamientos municipales para fomentar el autoconsumo. Hoy, desde Novasol Mallorca, os hablamos [&hellip;]<\/p>\n","protected":false},"author":1,"featured_media":4567,"comment_status":"closed","ping_status":"closed","sticky":false,"template":"","format":"standard","meta":{"footnotes":""},"categories":[30],"tags":[],"class_list":["post-4564","post","type-post","status-publish","format-standard","has-post-thumbnail","hentry","category-placas-solares"],"aioseo_notices":[],"_links":{"self":[{"href":"https:\/\/www.novasolmallorca.es\/en\/wp-json\/wp\/v2\/posts\/4564","targetHints":{"allow":["GET"]}}],"collection":[{"href":"https:\/\/www.novasolmallorca.es\/en\/wp-json\/wp\/v2\/posts"}],"about":[{"href":"https:\/\/www.novasolmallorca.es\/en\/wp-json\/wp\/v2\/types\/post"}],"author":[{"embeddable":true,"href":"https:\/\/www.novasolmallorca.es\/en\/wp-json\/wp\/v2\/users\/1"}],"replies":[{"embeddable":true,"href":"https:\/\/www.novasolmallorca.es\/en\/wp-json\/wp\/v2\/comments?post=4564"}],"version-history":[{"count":6,"href":"https:\/\/www.novasolmallorca.es\/en\/wp-json\/wp\/v2\/posts\/4564\/revisions"}],"predecessor-version":[{"id":4573,"href":"https:\/\/www.novasolmallorca.es\/en\/wp-json\/wp\/v2\/posts\/4564\/revisions\/4573"}],"wp:featuredmedia":[{"embeddable":true,"href":"https:\/\/www.novasolmallorca.es\/en\/wp-json\/wp\/v2\/media\/4567"}],"wp:attachment":[{"href":"https:\/\/www.novasolmallorca.es\/en\/wp-json\/wp\/v2\/media?parent=4564"}],"wp:term":[{"taxonomy":"category","embeddable":true,"href":"https:\/\/www.novasolmallorca.es\/en\/wp-json\/wp\/v2\/categories?post=4564"},{"taxonomy":"post_tag","embeddable":true,"href":"https:\/\/www.novasolmallorca.es\/en\/wp-json\/wp\/v2\/tags?post=4564"}],"curies":[{"name":"wp","href":"https:\/\/api.w.org\/{rel}","templated":true}]}}